{"id":973,"date":"2023-08-01T13:46:50","date_gmt":"2023-08-01T11:46:50","guid":{"rendered":"https:\/\/tannenberg-allee.de\/?p=973"},"modified":"2023-08-01T15:01:20","modified_gmt":"2023-08-01T13:01:20","slug":"08-2023","status":"publish","type":"post","link":"https:\/\/tannenberg-allee.de\/?p=973","title":{"rendered":"08\/2023"},"content":{"rendered":"\n<p><strong><em>Einladung zur Jahreshauptversammlung<\/em><\/strong><\/p>\n\n\n\n<p>Der Vorstand des Kleing\u00e4rtnervereins Tannenberg-Allee e.V. l\u00e4dt hiermit gem. \u00a7 8 Abs. 1 unserer Satzung alle Gartenp\u00e4chter und Gartenp\u00e4chterinnen sowie F\u00f6rdermitglieder (ohne Stimmrecht) zur diesj\u00e4hrigen <strong>Jahreshaupt-versammlung <\/strong>(JHV) ein, die am Freitag, den <strong>22. September 2023 um 18.00 Uhr<\/strong> in unserer Vereinsgastst\u00e4tte, Lister Damm 42, 30163 Hannover, stattfindet. Wir weisen bereits an dieser Stelle darauf hin, dass die Gastst\u00e4tte nicht verpachtet ist und somit kein Getr\u00e4nkeausschank stattfinden wird. Getr\u00e4nke sind bitte ggfs. bei Bedarf selbst mitzubringen.<\/p>\n\n\n\n<p>Der Einlass erfolgt ab 17.30 Uhr.<\/p>\n\n\n\n<p>Die Teilnahme ist nur den eingetragenen P\u00e4chtern und P\u00e4chterinnen sowie den F\u00f6rdermitgliedern gestattet. Der Zutritt zu dieser Jahreshauptversammlung wird nur denjenigen gew\u00e4hrt, die sich mit dem \u201egr\u00fcnen\u201c Mitgliedsausweis unseres Vereins legitimieren. Da laut \u00a7 7 (2) unserer Satzung das Stimmrecht nicht \u00fcbertragbar ist, kann eine ausgestellte Vollmacht f\u00fcr die Vertretung im Verhinderungsfalle nicht akzeptiert werden und somit muss auch der Zutritt verwehrt bleiben. F\u00f6rdermitglieder haben kein Stimmrecht und m\u00fcssen ihren Mitgliedsausweis am Eingang abgeben, da mittels Ausweis abgestimmt wird. Nach dem Ende der Versammlung wird der Ausweis wieder ausgeh\u00e4ndigt. F\u00f6rdermitglieder d\u00fcrfen aber an den Diskussionen teilnehmen.<\/p>\n\n\n\n<p><em>Vorl\u00e4ufige Tagesordnung<\/em><\/p>\n\n\n\n<p>1. Er\u00f6ffnung der Versammlung, Begr\u00fc\u00dfung der Teilnehmer<\/p>\n\n\n\n<p>2. Genehmigung der Tagesordnung<\/p>\n\n\n\n<p>3. Totenehrung<\/p>\n\n\n\n<p>4. Genehmigung des Protokolls 2022<\/p>\n\n\n\n<p>5. Versicherungsbericht mit Aussprache<\/p>\n\n\n\n<p>6. Gesch\u00e4ftsbericht des Vorstandes mit Aussprache<\/p>\n\n\n\n<p>7. Kassenbericht mit Aussprache, Beratung und Beschlussfassung des Haushalts 2023<\/p>\n\n\n\n<p>8. Bericht der Revisoren<\/p>\n\n\n\n<p>9. Entlastung des Vorstandes<\/p>\n\n\n\n<p>10. Aussprache und Abstimmung \u00fcber vorliegende Antr\u00e4ge<\/p>\n\n\n\n<p>Folgender Antrag liegt bereits aus den Reihen des Vorstandes vor:<\/p>\n\n\n\n<p>10.1. Erh\u00f6hung der Aufwandsentsch\u00e4digungen des gesch\u00e4ftsf\u00fchrenden Vorstandes und des erweiterten Vorstandes sowie des Vergn\u00fcgungsausschusses<\/p>\n\n\n\n<p>Die Jahreshauptversammlung m\u00f6ge beschlie\u00dfen, dass die Aufwandsentsch\u00e4digungen des gesch\u00e4ftsf\u00fchrenden Vorstandes, das sind 1. Vorsitzender, 2. Vorsitzender, 1. Kassiererin, 1. Schriftf\u00fchrerin (alle beschlossen auf der JHV 2010) um jeweils pauschal 150,00 \u20ac<\/p>\n\n\n\n<p>und des erweiterten Vorstandes, das sind 2. Kassierer und 2. Schriftf\u00fchrer,  1. und 2. Fachberater sowie des Vergn\u00fcgungsausschusses (alle beschlossen auf der JHV 2010) und<\/p>\n\n\n\n<p>der 7 Kolonieleiter (alle beschlossen auf der JHV 1992) jeweils um pauschal 100,00 \u20ac erh\u00f6ht werden.<\/p>\n\n\n\n<p>11. Aussprache \/ Verschiedenes<\/p>\n\n\n\n<p>12. Wahl des Wahlleiters<\/p>\n\n\n\n<p>13. Vorstandswahlen gem. \u00a7 6 Abs. 4 der Vereinssatzung in ungeraden Jahren:<\/p>\n\n\n\n<p>&#8211; 2. Vorsitzender<\/p>\n\n\n\n<p>&#8211; 1. Kassierer<\/p>\n\n\n\n<p>&#8211; 2. Schriftf\u00fchrer<\/p>\n\n\n\n<p>&#8211; Vereinsfachberater<\/p>\n\n\n\n<p>14. au\u00dferordentliche Wahl des 1. Vorsitzenden f\u00fcr ein Jahr<\/p>\n\n\n\n<p>15. Wahl der Revisoren<\/p>\n\n\n\n<p>16. Schlussworte<\/p>\n\n\n\n<p><em>Antr\u00e4ge zur JHV sind sp\u00e4testens bis zum 14.09.2023 beim Vorstand schriftlich einzureichen.<\/em><\/p>\n\n\n\n<p>Das Protokoll der JHV 2022, der Haushaltsplan 2023 sowie die Gewinn- und Verlustrechnung 2022 unseres Vereins k\u00f6nnen in der Zeit vom 13.09. &#8211; 21.09.2023 ab 15:00 Uhr nach vorheriger Terminvereinbarung im B\u00fcro eingesehen werden.<\/p>\n\n\n\n<p><strong>Wir hoffen auf eine rege Teilnahme an der Jahreshauptversammlung!<\/strong><\/p>\n\n\n\n<p><em>Der Vorstand<\/em><\/p>\n\n\n\n<p><\/p>\n\n\n\n<p>Liebe kleine und gro\u00dfe Gartenfreundinnen und Gartenfreunde! <\/p>\n\n\n\n<p>Kommt am 20. August zum Kaffeeklatsch auf den Parkplatz Sonneneck! Neben Kaffee und Kuchen gibt es einen Honigstand, Pflanzenverkauf und Bastelaktionen f\u00fcr die Kinder. Und nat\u00fcrlich ist unser Imker Felix vor Ort und kann euch jede Menge \u00fcber Bienen erz\u00e4hlen.<\/p>\n\n\n\n<div class=\"wp-block-columns is-layout-flex wp-container-core-columns-is-layout-9d6595d7 wp-block-columns-is-layout-flex\">\n<div class=\"wp-block-column is-layout-flow wp-block-column-is-layout-flow\">\n<figure class=\"wp-block-image size-large is-resized\"><img loading=\"lazy\" decoding=\"async\" src=\"https:\/\/tannenberg-allee.de\/wp-content\/uploads\/2023\/08\/Insekten_1-768x1024.jpg\" alt=\"\" class=\"wp-image-981\" width=\"205\" height=\"272\" srcset=\"https:\/\/tannenberg-allee.de\/wp-content\/uploads\/2023\/08\/Insekten_1-768x1024.jpg 768w, https:\/\/tannenberg-allee.de\/wp-content\/uploads\/2023\/08\/Insekten_1-225x300.jpg 225w, https:\/\/tannenberg-allee.de\/wp-content\/uploads\/2023\/08\/Insekten_1-1152x1536.jpg 1152w, https:\/\/tannenberg-allee.de\/wp-content\/uploads\/2023\/08\/Insekten_1-1536x2048.jpg 1536w, https:\/\/tannenberg-allee.de\/wp-content\/uploads\/2023\/08\/Insekten_1-900x1200.jpg 900w, https:\/\/tannenberg-allee.de\/wp-content\/uploads\/2023\/08\/Insekten_1-1280x1707.jpg 1280w, https:\/\/tannenberg-allee.de\/wp-content\/uploads\/2023\/08\/Insekten_1-scaled.jpg 1920w\" sizes=\"auto, (max-width: 205px) 100vw, 205px\" \/><\/figure>\n<\/div>\n\n\n\n<div class=\"wp-block-column is-layout-flow wp-block-column-is-layout-flow\">\n<figure class=\"wp-block-image size-large is-resized\"><img loading=\"lazy\" decoding=\"async\" src=\"https:\/\/tannenberg-allee.de\/wp-content\/uploads\/2023\/08\/Insekten_2-1-768x1024.jpg\" alt=\"\" class=\"wp-image-983\" width=\"207\" height=\"276\" srcset=\"https:\/\/tannenberg-allee.de\/wp-content\/uploads\/2023\/08\/Insekten_2-1-768x1024.jpg 768w, https:\/\/tannenberg-allee.de\/wp-content\/uploads\/2023\/08\/Insekten_2-1-225x300.jpg 225w, https:\/\/tannenberg-allee.de\/wp-content\/uploads\/2023\/08\/Insekten_2-1-1152x1536.jpg 1152w, https:\/\/tannenberg-allee.de\/wp-content\/uploads\/2023\/08\/Insekten_2-1-1536x2048.jpg 1536w, https:\/\/tannenberg-allee.de\/wp-content\/uploads\/2023\/08\/Insekten_2-1-900x1200.jpg 900w, https:\/\/tannenberg-allee.de\/wp-content\/uploads\/2023\/08\/Insekten_2-1-1280x1707.jpg 1280w, https:\/\/tannenberg-allee.de\/wp-content\/uploads\/2023\/08\/Insekten_2-1-scaled.jpg 1920w\" sizes=\"auto, (max-width: 207px) 100vw, 207px\" \/><\/figure>\n<\/div>\n<\/div>\n\n\n\n<p>Der Erl\u00f6s aus dem Verkauf flie\u00dft komplett in unser Projekt \u201eInsektenreich\u201c f\u00fcr den Bau einer Insektennisthilfe sowie die Anschaffung einer Infotafel. Der Kaffeeklatsch findet nur bei trockenem Wetter statt.<\/p>\n\n\n\n<p>Damit wir m\u00f6glichst viele Besucher willkommen hei\u00dfen k\u00f6nnen, brauchen wir noch eure Hilfe:<\/p>\n\n\n\n<p>Wenn ihr einen Kuchen oder Pflanzenableger aus dem Garten f\u00fcr den Verkauf spenden m\u00f6chtet, Bierzeltgarnituren \/ Sonnenschirme zur Verf\u00fcgung stellen k\u00f6nnt oder anderweitig&nbsp; unterst\u00fctzen m\u00f6chtet, meldet euch bitte per bei Nicole Kreeft, per WhatsApp Tel. 0172-5159097 oder per Email <a href=\"mailto:nicole22@gmx.de\">nicole22@gmx.de<\/a>. Wir freuen uns auf euch! Euer Projekt \u201eInsektenreich\u201c und Kindervergn\u00fcgungsausschuss<\/p>\n\n\n\n<div class=\"wp-block-columns is-layout-flex wp-container-core-columns-is-layout-9d6595d7 wp-block-columns-is-layout-flex\">\n<div class=\"wp-block-column is-layout-flow wp-block-column-is-layout-flow\">\n<figure class=\"wp-block-image size-large is-resized\"><img loading=\"lazy\" decoding=\"async\" src=\"https:\/\/tannenberg-allee.de\/wp-content\/uploads\/2023\/08\/Muell_2-1024x768.jpg\" alt=\"\" class=\"wp-image-980\" width=\"221\" height=\"164\"\/><\/figure>\n<\/div>\n\n\n\n<div class=\"wp-block-column is-layout-flow wp-block-column-is-layout-flow\">\n<figure class=\"wp-block-image size-large is-resized\"><img loading=\"lazy\" decoding=\"async\" src=\"https:\/\/tannenberg-allee.de\/wp-content\/uploads\/2023\/08\/Muell_1-1-1024x576.jpg\" alt=\"\" class=\"wp-image-979\" width=\"381\" height=\"214\"\/><\/figure>\n<\/div>\n<\/div>\n\n\n\n<p>In den letzten Wochen ist es \u00e4rgerlicherweise vermehrt vorgekommen, dass auf unserem Vereinsgel\u00e4nde sowohl vor den Eing\u00e4ngen zu den Kolonien Sorgenfrei und Im Paradies als auch an der Bank am Parkplatz des Vereinsheims zur Kolonie Wiesengrund illegal M\u00fcll entsorgt worden ist. Der Vorstand hat auch ohne diese Zwischenf\u00e4lle keine Langeweile und ist nicht die M\u00fcllabfuhr! Sollten wir jemanden dabei beobachten, dass er\/sie M\u00fcll in jeglicher Form auf unserem Vereinsgel\u00e4nde entsorgt, werden wir Anzeige erstatten und eine K\u00fcndigung des Pachtverh\u00e4ltnisses aussprechen. Illegale M\u00fcllentsorgung ist kein Kavaliersdelikt, sondern eine Straftat und wird vom Vorstand in keiner Weise geduldet.<\/p>\n\n\n\n<p>Ines Heintz<\/p>\n","protected":false},"excerpt":{"rendered":"<p>Einladung zur Jahreshauptversammlung Der Vorstand des Kleing\u00e4rtnervereins Tannenberg-Allee e.V. l\u00e4dt hiermit gem. \u00a7 8 Abs. 1 unserer Satzung alle Gartenp\u00e4chter und Gartenp\u00e4chterinnen sowie F\u00f6rdermitglieder (ohne Stimmrecht) zur diesj\u00e4hrigen Jahreshaupt-versammlung (JHV) ein, die am Freitag, den 22. September 2023 um 18.00 Uhr in unserer Vereinsgastst\u00e4tte, Lister Damm 42, 30163 Hannover, stattfindet. Wir weisen bereits an dieser [&hellip;]<\/p>\n","protected":false},"author":69,"featured_media":0,"comment_status":"closed","ping_status":"closed","sticky":false,"template":"","format":"standard","meta":{"footnotes":""},"categories":[8],"tags":[],"class_list":["post-973","post","type-post","status-publish","format-standard","hentry","category-guf"],"_links":{"self":[{"href":"https:\/\/tannenberg-allee.de\/index.php?rest_route=\/wp\/v2\/posts\/973","targetHints":{"allow":["GET"]}}],"collection":[{"href":"https:\/\/tannenberg-allee.de\/index.php?rest_route=\/wp\/v2\/posts"}],"about":[{"href":"https:\/\/tannenberg-allee.de\/index.php?rest_route=\/wp\/v2\/types\/post"}],"author":[{"embeddable":true,"href":"https:\/\/tannenberg-allee.de\/index.php?rest_route=\/wp\/v2\/users\/69"}],"replies":[{"embeddable":true,"href":"https:\/\/tannenberg-allee.de\/index.php?rest_route=%2Fwp%2Fv2%2Fcomments&post=973"}],"version-history":[{"count":8,"href":"https:\/\/tannenberg-allee.de\/index.php?rest_route=\/wp\/v2\/posts\/973\/revisions"}],"predecessor-version":[{"id":988,"href":"https:\/\/tannenberg-allee.de\/index.php?rest_route=\/wp\/v2\/posts\/973\/revisions\/988"}],"wp:attachment":[{"href":"https:\/\/tannenberg-allee.de\/index.php?rest_route=%2Fwp%2Fv2%2Fmedia&parent=973"}],"wp:term":[{"taxonomy":"category","embeddable":true,"href":"https:\/\/tannenberg-allee.de\/index.php?rest_route=%2Fwp%2Fv2%2Fcategories&post=973"},{"taxonomy":"post_tag","embeddable":true,"href":"https:\/\/tannenberg-allee.de\/index.php?rest_route=%2Fwp%2Fv2%2Ftags&post=973"}],"curies":[{"name":"wp","href":"https:\/\/api.w.org\/{rel}","templated":true}]}}