{"id":1908,"date":"2025-09-06T16:33:34","date_gmt":"2025-09-06T14:33:34","guid":{"rendered":"https:\/\/tannenberg-allee.de\/?p=1908"},"modified":"2025-09-06T16:33:55","modified_gmt":"2025-09-06T14:33:55","slug":"10-2025","status":"publish","type":"post","link":"https:\/\/tannenberg-allee.de\/?p=1908","title":{"rendered":"10\/2025"},"content":{"rendered":"\n<p>Liebe Gartenfreundinnen und Gartenfreunde,<\/p>\n\n\n\n<p>am 05.09.2025 folgten unsere Mitglieder der Einladung des Vorstands und erschienen zur diesj\u00e4hrigen Jahreshauptversammlung im Vereinshaus. Insgesamt waren von 460 G\u00e4rten 86 stimmberechtigte Mitglieder sowie 17 F\u00f6rdermitglieder gekommen.<\/p>\n\n\n\n<p>Nach \u00a7 6 Absatz 4 unserer Vereinssatzung standen turnusgem\u00e4\u00df folgende Wahlen an:<\/p>\n\n\n\n<ul class=\"wp-block-list\">\n<li>Vorsitzender\u00a0\u00a0\u00a0\u00a0\u00a0\u00a0\u00a0\u00a0\u00a0\u00a0\u00a0\u00a0\u00a0\u00a0\u00a0\u00a0\u00a0\u00a0<\/li>\n\n\n\n<li>Kassierer<\/li>\n\n\n\n<li>Schriftf\u00fchrer<\/li>\n<\/ul>\n\n\n\n<p>Vereinsfachberater<\/p>\n\n\n\n<p>Diese Vorstandsmitglieder wurden dabei f\u00fcr 2 Jahre gew\u00e4hlt:<\/p>\n\n\n\n<p>2. Vorsitzender:&nbsp;&nbsp;&nbsp;&nbsp;&nbsp;&nbsp; Wiederwahl von Andreas Heintz<\/p>\n\n\n\n<p>1. Kassiererin: &nbsp;&nbsp;&nbsp;&nbsp;&nbsp;&nbsp;&nbsp;&nbsp; Wiederwahl von Waltraut Wiesner<\/p>\n\n\n\n<p>Vereinsfachberater: Silke Johnen<\/p>\n\n\n\n<p>F\u00fcr das Amt des 2. Schriftf\u00fchrers stellte sich leider niemand zur Wahl, so dass dieses derzeit unbesetzt ist. F\u00fcr das zwischenzeitlich ebenfalls vakant gewordene Amt des 2. Kassierers wurde bei der au\u00dferordentlichen Wahl f\u00fcr 1 Jahr die P\u00e4chterin Andrea Hettler gew\u00e4hlt. F\u00fcr den turnusm\u00e4\u00dfig ausgeschiedenen Revisor Marco Dittmann wurde der P\u00e4chter Erik Wunder von der Versammlung gew\u00e4hlt. Zudem gab es mehrere Antr\u00e4ge, die alle mehrheitlich beschlossen wurden, so z.B. die Erh\u00f6hung der Aufwandsentsch\u00e4digungen des internen und des erweiterten Vorstandes und des Vergn\u00fcgungsausschusses sowie die \u00c4nderung der bisher geltenden Ruhezeiten. Die auf der JHV beschlossenen \u00c4nderungen k\u00f6nnen unserer Homepage sowie auch den Aush\u00e4ngen in den Infok\u00e4sten in den Koloniewegen entnommen werden. Die Sammlung w\u00e4hrend der JHV f\u00fcr die Kinderfeste mittels \u201eIgel\u201c hat einen Betrag von 230,00 EUR ergeben. Allen Spendern ein herzliches Dankesch\u00f6n! Der Vorstand h\u00e4tte sich eine h\u00f6here Beteiligung an der diesj\u00e4hrigen Jahreshauptversammlung von seinen P\u00e4chterinnen und P\u00e4chtern gew\u00fcnscht und bittet bereits jetzt um eine regere Teilnahme im n\u00e4chsten Jahr! <\/p>\n\n\n\n<p>Ines Heintz \u00a0\u00a0\u00a0\u00a0\u00a0\u00a0\u00a0\u00a0\u00a0\u00a0\u00a0\u00a0\u00a0\u00a0\u00a0\u00a0\u00a0\u00a0\u00a0\u00a0\u00a0\u00a0\u00a0\u00a0\u00a0<\/p>\n\n\n\n<p><\/p>\n\n\n\n<p><\/p>\n","protected":false},"excerpt":{"rendered":"<p>Liebe Gartenfreundinnen und Gartenfreunde, am 05.09.2025 folgten unsere Mitglieder der Einladung des Vorstands und erschienen zur diesj\u00e4hrigen Jahreshauptversammlung im Vereinshaus. Insgesamt waren von 460 G\u00e4rten 86 stimmberechtigte Mitglieder sowie 17 F\u00f6rdermitglieder gekommen. Nach \u00a7 6 Absatz 4 unserer Vereinssatzung standen turnusgem\u00e4\u00df folgende Wahlen an: Vereinsfachberater Diese Vorstandsmitglieder wurden dabei f\u00fcr 2 Jahre gew\u00e4hlt: 2. Vorsitzender:&nbsp;&nbsp;&nbsp;&nbsp;&nbsp;&nbsp; [&hellip;]<\/p>\n","protected":false},"author":69,"featured_media":0,"comment_status":"closed","ping_status":"closed","sticky":false,"template":"","format":"standard","meta":{"footnotes":""},"categories":[8],"tags":[],"class_list":["post-1908","post","type-post","status-publish","format-standard","hentry","category-guf"],"_links":{"self":[{"href":"https:\/\/tannenberg-allee.de\/index.php?rest_route=\/wp\/v2\/posts\/1908","targetHints":{"allow":["GET"]}}],"collection":[{"href":"https:\/\/tannenberg-allee.de\/index.php?rest_route=\/wp\/v2\/posts"}],"about":[{"href":"https:\/\/tannenberg-allee.de\/index.php?rest_route=\/wp\/v2\/types\/post"}],"author":[{"embeddable":true,"href":"https:\/\/tannenberg-allee.de\/index.php?rest_route=\/wp\/v2\/users\/69"}],"replies":[{"embeddable":true,"href":"https:\/\/tannenberg-allee.de\/index.php?rest_route=%2Fwp%2Fv2%2Fcomments&post=1908"}],"version-history":[{"count":1,"href":"https:\/\/tannenberg-allee.de\/index.php?rest_route=\/wp\/v2\/posts\/1908\/revisions"}],"predecessor-version":[{"id":1909,"href":"https:\/\/tannenberg-allee.de\/index.php?rest_route=\/wp\/v2\/posts\/1908\/revisions\/1909"}],"wp:attachment":[{"href":"https:\/\/tannenberg-allee.de\/index.php?rest_route=%2Fwp%2Fv2%2Fmedia&parent=1908"}],"wp:term":[{"taxonomy":"category","embeddable":true,"href":"https:\/\/tannenberg-allee.de\/index.php?rest_route=%2Fwp%2Fv2%2Fcategories&post=1908"},{"taxonomy":"post_tag","embeddable":true,"href":"https:\/\/tannenberg-allee.de\/index.php?rest_route=%2Fwp%2Fv2%2Ftags&post=1908"}],"curies":[{"name":"wp","href":"https:\/\/api.w.org\/{rel}","templated":true}]}}