{"id":1760,"date":"2024-09-26T14:53:14","date_gmt":"2024-09-26T12:53:14","guid":{"rendered":"https:\/\/tannenberg-allee.de\/?p=1760"},"modified":"2024-09-26T14:53:56","modified_gmt":"2024-09-26T12:53:56","slug":"10-2024","status":"publish","type":"post","link":"https:\/\/tannenberg-allee.de\/?p=1760","title":{"rendered":"10\/2024"},"content":{"rendered":"\n<p>Liebe Gartenfreundinnen und Gartenfreunde,<\/p>\n\n\n\n<p>die Zeit rennt, unser Gartenjahr ist fast vor\u00fcber und ich w\u00fcnsche allen eine noch sch\u00f6ne Zeit, aber vor allem eine gute Ernte im sonnigen Garten.<\/p>\n\n\n\n<p>Ein kurzer Bericht zu unserem Kinder-Sommerfest:<\/p>\n\n\n\n<p>Petrus meinte es am 17. August wieder sehr gut mit uns und p\u00fcnktlich zum Beginn des Kinder-Sommerfestes am Nachmittag h\u00f6rte es auf zu regnen. Ein Gl\u00fcck, denn wir hatten f\u00fcr die kleinen Gartenfreunde eine H\u00fcpfburg bestellt, die dann auch aufgebaut werden konnte und f\u00fcr viel Freude sorgte. Viele tolle Spiele warteten auf die Kinder: Unsere Schokokussmaschine, Riesenseifenblasen, das Schwammspiel und das Gro\u00dfe-F\u00fc\u00dfe-Rennen. Die Polizei kam mit einem Bulli vorbei, in dem die Kinder Platz nahmen und Fragen stellen konnten, die unsere Kontaktbeamtin Sandra Scholz und ihr Kollege unerm\u00fcdlich beantworteten. An dieser Stelle, noch einmal ein herzliches Dankesch\u00f6n! Und nat\u00fcrlich nicht zu vergessen die Wasserbomben! Ronja hatte 300 Wasserbomben vorbereitet, die in Nullkommanichts von den Kindern aus der Schubkarre geschnappt und geworfen wurden. Das war ein Spa\u00df!&nbsp;<\/p>\n\n\n\n<p>Das Kuchenbuffet erfreute sich gr\u00f6\u00dfter Beliebtheit und war bis zum Abend gepl\u00fcndert.&nbsp;F\u00fcr alle Kinder gab es noch ein Eis und ein Getr\u00e4nk und unser Wirt Mario bot Gegrilltes an. Das war wieder ein sch\u00f6nes Fest. Wir freuen uns schon auf das n\u00e4chste Mal!<\/p>\n\n\n\n<p>Euer Kinder-Vergn\u00fcgungsausschuss Heidi, Mareike, Ronja und Nicole<\/p>\n\n\n\n<p>Am 18.08.2024 fand um 11.00 Uhr bei Mario, in unserer Vereinsgastst\u00e4tte, der Fr\u00fchschoppen statt. Dazu einige Gedanken: Trotz eines verregneten Sonntags, lie\u00dfen sich einige P\u00e4chter nicht nehmen am Fr\u00fchschoppen teilzunehmen. Etwa 20 Gartenfreundinnen und Gartenfreunde nahmen somit am Vereinsleben teil und lie\u00dfen sich von unserem Wirt mit leckeren Speisen verw\u00f6hnen. Wir w\u00fcrden uns \u00fcber mehr Teilnehmer sehr freuen, denn nur so kann Vereinsleben weiter gestaltet, verbessert und aufrechterhalten werden.<\/p>\n\n\n\n<p>Eine wichtige Mitteilung f\u00fcr unsere P\u00e4chter:<\/p>\n\n\n\n<p>Der Vorstand wird auch dieses Jahr wie \u00fcblich im Oktober die Jahrespachtrechnungen 2024\/2025 versenden. Bitte denken Sie alle rechtzeitig daran, uns Anschriften\u00e4nderungen mitzuteilen, gerne auch per E-Mail an: <a href=\"mailto:post@tannenberg-allee.de\">post@tannenberg-allee.de<\/a> <\/p>\n\n\n\n<p>Muss der Vorstand auf Grund eines Postr\u00fcckl\u00e4ufers die neue Anschrift ermitteln oder die Anschriften\u00e4nderung wird versp\u00e4tet (nach Versand der Rechnung) mitgeteilt, wird dies dem P\u00e4chter mit einem Betrag i.H.v. 10,00 Euro in Rechnung gestellt.<\/p>\n\n\n\n<p>Bevor wir zu unserer Jahreshauptversammlung kommen, noch einige Veranstaltungen in unserer Vereinsgastst\u00e4tte, Lister-Damm 42, f\u00fcr Oktober und November:<\/p>\n\n\n\n<p>20. Oktober 2024 ab 12 Uhr: Oktoberfest mit Leberk\u00e4s, Schweinsbraten, Sauerkraut, Leberkn\u00f6delsuppe und andere bayrische Leckereien, pro Person 24,50 \u20ac.<\/p>\n\n\n\n<p>3. November 2024 ab 12 Uhr: Gr\u00fcnkohlbuffet mit Gr\u00fcnkohl, Bauchfleisch, Kassler, Bregenwurst und einen Absacker, pro Person 20,00 \u20ac. Bei beiden Veranstaltungen wird um Voranmeldung beim Wirt gebeten.<\/p>\n\n\n\n<p>Die Mitglieder des Kleingartenvereins Tannenberg-Allee folgten der Einladung des Vorstands und erschienen am 06.09.2024 auch in diesem Jahr sehr zahlreich im Vereinshaus zur diesj\u00e4hrigen Jahreshauptversammlung. Insgesamt waren von 460 G\u00e4rten 71 stimmberechtigte Mitglieder sowie 14 F\u00f6rdermitglieder gekommen. Auch der erweiterte Vorstand war vollst\u00e4ndig anwesend.<\/p>\n\n\n\n<p>Nach \u00a7 6 Absatz 4 unserer Vereinssatzung standen turnusgem\u00e4\u00df folgende Wahlen an:<\/p>\n\n\n\n<p>1. Vorsitzender<\/p>\n\n\n\n<p>1. Schriftf\u00fchrerin<\/p>\n\n\n\n<p>2. Kassiererin<\/p>\n\n\n\n<p>Diese Vorstandsmitglieder wurden f\u00fcr 2 Jahre gew\u00e4hlt:<\/p>\n\n\n\n<p>1. Vorsitzender: Wiederwahl von Lothar Schaaf<\/p>\n\n\n\n<p>1. Schriftf\u00fchrerin: Wiederwahl von Ines Heintz<\/p>\n\n\n\n<p>2. Kassiererin: Neu in den Vorstand kommt Sandy B\u00f6hme<\/p>\n\n\n\n<p>Zur JHV war zudem ein fristgem\u00e4\u00dfer Antrag von unserem 1. Vorsitzenden Lothar Schaaf aus der Kolonie Morgensonne eingereicht worden, die Stunden der Gemeinschaftsarbeit von derzeit 2 Stunden auf 3 Stunden im Jahr anzuheben. Dieser Antrag wurde nach einer ausf\u00fchrlichen Diskussion in der Versammlung mit einer Mehrheit von 39 Ja-Stimmen bei 21 Nein-Stimmen sowie 11 Enthaltungen angenommen. Somit sind ab 2025 von jeder P\u00e4chterin und jedem P\u00e4chter 3 Stunden Gemeinschaftsarbeit pro Jahr zu leisten.<\/p>\n\n\n\n<p>Zum Abschluss der Versammlung wies unser 1. Vorsitzender noch darauf hin, dass in einem, sp\u00e4testens zwei Jahren mehrere Stellen im Vorstand neu besetzt werden m\u00fcssen, da sich aktuell amtierende Vorstandsmitglieder dann nicht mehr zur Wiederwahl stellen werden. Der amtierende Vorstand w\u00fcrde sich sehr freuen, wenn sich in naher Zukunft P\u00e4chterinnen, P\u00e4chter oder F\u00f6rdermitglieder melden w\u00fcrden, die ein Amt im Vorstand \u00fcbernehmen m\u00f6chten. Auch einige Kolonieleiterposten sind noch unbesetzt, so dass diese Aufgaben derzeit von den anderen Vorstandsmitgliedern mit \u00fcbernommen werden m\u00fcssen. Sollten sich keine Personen finden, die im Vorstand t\u00e4tig werden m\u00f6chten, wird es dazu f\u00fchren, dass der Bezirksverband unseren Verein verwalten wird. Dieses wird mit nicht unerheblichen Kosten verbunden sein, die dann von allen P\u00e4chterinnen und P\u00e4chtern zu tragen sein werden.<\/p>\n\n\n\n<p>Die Sammlung w\u00e4hrend der JHV f\u00fcr die Kinderfeste mittels \u201eIgel\u201c hat einen Betrag von 205,00 EUR ergeben. Allen Spendern ein herzliches Dankesch\u00f6n!<\/p>\n\n\n\n<p>Nicht vergessen m\u00f6chte ich unsere Geburtstagskinder und sage hiermit: \u201eHerzlichen Gl\u00fcckwunsch und bleibt gesund\u201c!<\/p>\n\n\n\n<p>Steffie Blohm &nbsp;&nbsp;&nbsp;&nbsp;&nbsp;&nbsp;&nbsp;&nbsp;&nbsp;&nbsp;&nbsp;&nbsp;&nbsp;&nbsp;<\/p>\n","protected":false},"excerpt":{"rendered":"<p>Liebe Gartenfreundinnen und Gartenfreunde, die Zeit rennt, unser Gartenjahr ist fast vor\u00fcber und ich w\u00fcnsche allen eine noch sch\u00f6ne Zeit, aber vor allem eine gute Ernte im sonnigen Garten. Ein kurzer Bericht zu unserem Kinder-Sommerfest: Petrus meinte es am 17. August wieder sehr gut mit uns und p\u00fcnktlich zum Beginn des Kinder-Sommerfestes am Nachmittag h\u00f6rte [&hellip;]<\/p>\n","protected":false},"author":69,"featured_media":0,"comment_status":"closed","ping_status":"closed","sticky":false,"template":"","format":"standard","meta":{"footnotes":""},"categories":[8],"tags":[],"class_list":["post-1760","post","type-post","status-publish","format-standard","hentry","category-guf"],"_links":{"self":[{"href":"https:\/\/tannenberg-allee.de\/index.php?rest_route=\/wp\/v2\/posts\/1760","targetHints":{"allow":["GET"]}}],"collection":[{"href":"https:\/\/tannenberg-allee.de\/index.php?rest_route=\/wp\/v2\/posts"}],"about":[{"href":"https:\/\/tannenberg-allee.de\/index.php?rest_route=\/wp\/v2\/types\/post"}],"author":[{"embeddable":true,"href":"https:\/\/tannenberg-allee.de\/index.php?rest_route=\/wp\/v2\/users\/69"}],"replies":[{"embeddable":true,"href":"https:\/\/tannenberg-allee.de\/index.php?rest_route=%2Fwp%2Fv2%2Fcomments&post=1760"}],"version-history":[{"count":2,"href":"https:\/\/tannenberg-allee.de\/index.php?rest_route=\/wp\/v2\/posts\/1760\/revisions"}],"predecessor-version":[{"id":1762,"href":"https:\/\/tannenberg-allee.de\/index.php?rest_route=\/wp\/v2\/posts\/1760\/revisions\/1762"}],"wp:attachment":[{"href":"https:\/\/tannenberg-allee.de\/index.php?rest_route=%2Fwp%2Fv2%2Fmedia&parent=1760"}],"wp:term":[{"taxonomy":"category","embeddable":true,"href":"https:\/\/tannenberg-allee.de\/index.php?rest_route=%2Fwp%2Fv2%2Fcategories&post=1760"},{"taxonomy":"post_tag","embeddable":true,"href":"https:\/\/tannenberg-allee.de\/index.php?rest_route=%2Fwp%2Fv2%2Ftags&post=1760"}],"curies":[{"name":"wp","href":"https:\/\/api.w.org\/{rel}","templated":true}]}}