{"id":1111,"date":"2023-10-12T13:25:28","date_gmt":"2023-10-12T11:25:28","guid":{"rendered":"https:\/\/tannenberg-allee.de\/?p=1111"},"modified":"2023-10-28T19:35:48","modified_gmt":"2023-10-28T17:35:48","slug":"11-2023","status":"publish","type":"post","link":"https:\/\/tannenberg-allee.de\/?p=1111","title":{"rendered":"11\/2023"},"content":{"rendered":"\n<p>Liebe Gartenfreundinnen und Gartenfreunde,&nbsp;<\/p>\n\n\n\n<p>die Mitglieder des Kleingartenvereins Tannenberg-Allee folgten der Einladung unseres Vorstands und erschienen am 22.09.2923 sehr zahlreich im Vereinshaus.<\/p>\n\n\n\n<p>Insgesamt waren von 460 G\u00e4rten 72 stimmberechtigte Mitglieder sowie 14 F\u00f6rdermitglieder anwesend. Der Vorstand war bis auf den 1. Vorsitzenden und die 1. Kassiererin vollst\u00e4ndig anwesend. Dies war eine der h\u00f6chsten Teilnehmerzahlen der letzten Jahreshauptversammlungen.<\/p>\n\n\n\n<p>Der 2. Vorsitzender Wolf-Dieter Kietzmann trug den Gesch\u00e4ftsbericht des vergangenen Gesch\u00e4ftsjahres vor.<\/p>\n\n\n\n<p>Es war gleichzeitig seine letzte Amtshandlung, da er sich nicht mehr f\u00fcr eine Wiederwahl zur Verf\u00fcgung stellte.<\/p>\n\n\n\n<p>Der 1. Vorsitzende Erwin Benkert hat aus gesundheitlichen Gr\u00fcnden zum 22.09.2023 sein Amt niedergelegt.<\/p>\n\n\n\n<p>Als Vereinsvorsitzender hat er jahrelang verantwortungsbewusst sein wichtiges Amt ausgef\u00fchrt und mit seiner Arbeit ma\u00dfgeblich zum Wohle des Vereins beigetragen.<\/p>\n\n\n\n<p>Aus der Versammlung heraus wurde der P\u00e4chter des Gartens 23 in der Kolonie Morgensonne Lothar Schaaf zum 1. Vorsitzenden gew\u00e4hlt.<\/p>\n\n\n\n<p>Nach \u00a7 6 Absatz 4 unserer Vereinssatzung standen turnusgem\u00e4\u00df weitere Wahlen an. Somit wurden f\u00fcr zwei Jahre folgende Vorstandsmitglieder gew\u00e4hlt:<\/p>\n\n\n\n<p>2. Vorsitzender:&nbsp;&nbsp;&nbsp;&nbsp;&nbsp;&nbsp;&nbsp;&nbsp;&nbsp;&nbsp;&nbsp;&nbsp;&nbsp;&nbsp;&nbsp;&nbsp;&nbsp;&nbsp;&nbsp;&nbsp;&nbsp;&nbsp;&nbsp;&nbsp;&nbsp;&nbsp;&nbsp;&nbsp;&nbsp; Andreas Heintz<\/p>\n\n\n\n<p>1. Kassiererin:&nbsp;&nbsp;&nbsp;&nbsp;&nbsp;&nbsp;&nbsp;&nbsp;&nbsp;&nbsp;&nbsp;&nbsp;&nbsp;&nbsp;&nbsp;&nbsp;&nbsp;&nbsp;&nbsp;&nbsp;&nbsp;&nbsp;&nbsp;&nbsp;&nbsp;&nbsp;&nbsp;&nbsp;&nbsp;&nbsp;&nbsp;&nbsp; Waltraut Wiesner<\/p>\n\n\n\n<p>Frau Wiesner war krankheitsbedingt leider nicht anwesend, hatte aber Ihre Zusage f\u00fcr eine m\u00f6gliche Wiederwahl schriftlich niedergelegt.<\/p>\n\n\n\n<p>2. Schriftf\u00fchrerin:&nbsp;&nbsp;&nbsp;&nbsp;&nbsp;&nbsp;&nbsp;&nbsp;&nbsp;&nbsp;&nbsp;&nbsp;&nbsp;&nbsp;&nbsp;&nbsp;&nbsp;&nbsp;&nbsp;&nbsp;&nbsp;&nbsp;&nbsp;&nbsp;&nbsp;&nbsp;&nbsp;&nbsp;Steffie Blohm<\/p>\n\n\n\n<p>1. Vereinsfachberaterin:&nbsp;&nbsp;&nbsp;&nbsp;&nbsp;&nbsp;&nbsp;&nbsp;&nbsp;&nbsp;&nbsp;&nbsp;&nbsp;&nbsp;&nbsp;&nbsp; Anne-Lena Heller<\/p>\n\n\n\n<p>2. Vereinsfachberater:&nbsp;&nbsp;&nbsp;&nbsp;&nbsp;&nbsp;&nbsp;&nbsp;&nbsp;&nbsp;&nbsp;&nbsp;&nbsp;&nbsp;&nbsp;&nbsp;&nbsp;&nbsp;&nbsp; Hannes Banik&nbsp;&nbsp;&nbsp;&nbsp;&nbsp;&nbsp;&nbsp;&nbsp;&nbsp;<\/p>\n\n\n\n<p>Zur Jahreshauptversammlung lagen zwei fristgem\u00e4\u00df eingegangene Antr\u00e4ge vor. Beide Antr\u00e4ge wurden mehrheitlich beschlossen.<\/p>\n\n\n\n<p>1. Antrag an die Jahreshauptversammlung:<\/p>\n\n\n\n<p>Erh\u00f6hung der Aufwandsentsch\u00e4digungen f\u00fcr den gesch\u00e4ftsf\u00fchrenden sowie den erweiterten Vorstand<\/p>\n\n\n\n<p>2. Antrag an die Jahreshauptversammlung:<\/p>\n\n\n\n<p>Ehrenmitgliedschaft f\u00fcr Erwin Benkert<\/p>\n\n\n\n<p>Wie jedes Jahr wurde w\u00e4hrend der Versammlung f\u00fcr die Kinderveranstaltungen des Vereins gesammelt. Dabei kam eine stolze Summe in H\u00f6he von 223,40 EUR zusammen. An dieser Stelle vielen Dank an alle Spender.<\/p>\n\n\n\n<p>Wir m\u00f6chten an dieser Stelle darauf hinweisen, dass zwischenzeitlich alle Gartenjahresrechnungen versendet wurden. Wer noch keine Rechnung erhalten hat, m\u00f6ge sich bitte beim Vorstand melden.<\/p>\n\n\n\n<p>Noch eine Bitte an die Radfahrer, die unsere Koloniewege befahren; in den G\u00e4rten sind auch kleine Kinder, die unvermittelt den Kolonieweg betreten k\u00f6nnten, deshalb bitte langsam und umsichtig fahren!<\/p>\n\n\n\n<p>Ines Heintz<\/p>\n","protected":false},"excerpt":{"rendered":"<p>Liebe Gartenfreundinnen und Gartenfreunde,&nbsp; die Mitglieder des Kleingartenvereins Tannenberg-Allee folgten der Einladung unseres Vorstands und erschienen am 22.09.2923 sehr zahlreich im Vereinshaus. Insgesamt waren von 460 G\u00e4rten 72 stimmberechtigte Mitglieder sowie 14 F\u00f6rdermitglieder anwesend. Der Vorstand war bis auf den 1. Vorsitzenden und die 1. Kassiererin vollst\u00e4ndig anwesend. Dies war eine der h\u00f6chsten Teilnehmerzahlen der [&hellip;]<\/p>\n","protected":false},"author":69,"featured_media":0,"comment_status":"closed","ping_status":"closed","sticky":false,"template":"","format":"standard","meta":{"footnotes":""},"categories":[8],"tags":[],"class_list":["post-1111","post","type-post","status-publish","format-standard","hentry","category-guf"],"_links":{"self":[{"href":"https:\/\/tannenberg-allee.de\/index.php?rest_route=\/wp\/v2\/posts\/1111","targetHints":{"allow":["GET"]}}],"collection":[{"href":"https:\/\/tannenberg-allee.de\/index.php?rest_route=\/wp\/v2\/posts"}],"about":[{"href":"https:\/\/tannenberg-allee.de\/index.php?rest_route=\/wp\/v2\/types\/post"}],"author":[{"embeddable":true,"href":"https:\/\/tannenberg-allee.de\/index.php?rest_route=\/wp\/v2\/users\/69"}],"replies":[{"embeddable":true,"href":"https:\/\/tannenberg-allee.de\/index.php?rest_route=%2Fwp%2Fv2%2Fcomments&post=1111"}],"version-history":[{"count":9,"href":"https:\/\/tannenberg-allee.de\/index.php?rest_route=\/wp\/v2\/posts\/1111\/revisions"}],"predecessor-version":[{"id":1148,"href":"https:\/\/tannenberg-allee.de\/index.php?rest_route=\/wp\/v2\/posts\/1111\/revisions\/1148"}],"wp:attachment":[{"href":"https:\/\/tannenberg-allee.de\/index.php?rest_route=%2Fwp%2Fv2%2Fmedia&parent=1111"}],"wp:term":[{"taxonomy":"category","embeddable":true,"href":"https:\/\/tannenberg-allee.de\/index.php?rest_route=%2Fwp%2Fv2%2Fcategories&post=1111"},{"taxonomy":"post_tag","embeddable":true,"href":"https:\/\/tannenberg-allee.de\/index.php?rest_route=%2Fwp%2Fv2%2Ftags&post=1111"}],"curies":[{"name":"wp","href":"https:\/\/api.w.org\/{rel}","templated":true}]}}